{"id":990,"date":"2017-05-10T07:08:04","date_gmt":"2017-05-10T05:08:04","guid":{"rendered":"http:\/\/gs-wallersheim.de\/wordpress\/?p=990"},"modified":"2017-05-10T07:08:04","modified_gmt":"2017-05-10T05:08:04","slug":"theaterbesuch","status":"publish","type":"post","link":"https:\/\/gs-wallersheim.de\/wordpress\/2017\/05\/10\/theaterbesuch\/","title":{"rendered":"Theaterbesuch"},"content":{"rendered":"<p>Als Grundschule Wallersheim war es eine Freude an dem 4. T\u00fcrkischen Theaterfestival teilzunehmen .&nbsp;<\/p>\n<p>Unsere Viertkl\u00e4ssler des T\u00fcrkischunterrichtes haben am 7.5.17 das Kindertheater besucht. Das St\u00fcck Yuno hat allen sehr gefallen. Es war zwar auf T\u00fcrkisch aber Dank der Untertitel f\u00fcr alle gut verst\u00e4ndlich .&nbsp;<\/p>\n<p>Die Kinder hatten die Ehre mit ber\u00fchmten Schauspielern wie Ayla Algan ein Gespr\u00e4ch zu f\u00fchren und Fotos zu machen .&nbsp;<\/p>\n<p>Am 23. September diesem Jahres findet die \u0130nterkulurelle Woche statt . Dort wird auch das Theater Frankfurt im Stadttheater Koblenz mit deutschen Untertiteln das St\u00fcck \u201eFanus\u201d vorf\u00fchren .<br \/>\n<a href=\"http:\/\/gs-wallersheim.de\/wordpress\/wp-content\/uploads\/2017\/05\/IMG-20170509-WA0014.jpg\"><img loading=\"lazy\" decoding=\"async\" src=\"http:\/\/gs-wallersheim.de\/wordpress\/wp-content\/uploads\/2017\/05\/IMG-20170509-WA0014.jpg\" alt=\"\" class=\"wp-image-989 alignnone size-full\" width=\"1280\" height=\"960\" srcset=\"https:\/\/gs-wallersheim.de\/wordpress\/wp-content\/uploads\/2017\/05\/IMG-20170509-WA0014.jpg 1280w, https:\/\/gs-wallersheim.de\/wordpress\/wp-content\/uploads\/2017\/05\/IMG-20170509-WA0014-300x225.jpg 300w, https:\/\/gs-wallersheim.de\/wordpress\/wp-content\/uploads\/2017\/05\/IMG-20170509-WA0014-768x576.jpg 768w, https:\/\/gs-wallersheim.de\/wordpress\/wp-content\/uploads\/2017\/05\/IMG-20170509-WA0014-1024x768.jpg 1024w\" sizes=\"auto, (max-width: 1280px) 100vw, 1280px\" \/><\/a><\/p>\n<p><a href=\"http:\/\/gs-wallersheim.de\/wordpress\/wp-content\/uploads\/2017\/05\/IMG-20170509-WA0013.jpg\"><img loading=\"lazy\" decoding=\"async\" src=\"http:\/\/gs-wallersheim.de\/wordpress\/wp-content\/uploads\/2017\/05\/IMG-20170509-WA0013.jpg\" alt=\"\" class=\"wp-image-988 alignnone size-full\" width=\"1280\" height=\"960\" srcset=\"https:\/\/gs-wallersheim.de\/wordpress\/wp-content\/uploads\/2017\/05\/IMG-20170509-WA0013.jpg 1280w, https:\/\/gs-wallersheim.de\/wordpress\/wp-content\/uploads\/2017\/05\/IMG-20170509-WA0013-300x225.jpg 300w, https:\/\/gs-wallersheim.de\/wordpress\/wp-content\/uploads\/2017\/05\/IMG-20170509-WA0013-768x576.jpg 768w, https:\/\/gs-wallersheim.de\/wordpress\/wp-content\/uploads\/2017\/05\/IMG-20170509-WA0013-1024x768.jpg 1024w\" sizes=\"auto, (max-width: 1280px) 100vw, 1280px\" \/><\/a><\/p>\n<p><a href=\"http:\/\/gs-wallersheim.de\/wordpress\/wp-content\/uploads\/2017\/05\/IMG-20170509-WA0015.jpg\"><img loading=\"lazy\" decoding=\"async\" src=\"http:\/\/gs-wallersheim.de\/wordpress\/wp-content\/uploads\/2017\/05\/IMG-20170509-WA0015.jpg\" alt=\"\" class=\"wp-image-987 alignnone size-full\" width=\"1280\" height=\"960\" srcset=\"https:\/\/gs-wallersheim.de\/wordpress\/wp-content\/uploads\/2017\/05\/IMG-20170509-WA0015.jpg 1280w, https:\/\/gs-wallersheim.de\/wordpress\/wp-content\/uploads\/2017\/05\/IMG-20170509-WA0015-300x225.jpg 300w, https:\/\/gs-wallersheim.de\/wordpress\/wp-content\/uploads\/2017\/05\/IMG-20170509-WA0015-768x576.jpg 768w, https:\/\/gs-wallersheim.de\/wordpress\/wp-content\/uploads\/2017\/05\/IMG-20170509-WA0015-1024x768.jpg 1024w\" sizes=\"auto, (max-width: 1280px) 100vw, 1280px\" \/><\/a><\/p>\n","protected":false},"excerpt":{"rendered":"<p>Als Grundschule Wallersheim war es eine Freude an dem 4. T\u00fcrkischen Theaterfestival teilzunehmen .&nbsp; Unsere Viertkl\u00e4ssler des T\u00fcrkischunterrichtes haben am<\/p>\n","protected":false},"author":1,"featured_media":0,"comment_status":"open","ping_status":"open","sticky":false,"template":"","format":"standard","meta":{"ngg_post_thumbnail":0,"_jetpack_memberships_contains_paid_content":false,"footnotes":""},"categories":[9],"tags":[],"class_list":["post-990","post","type-post","status-publish","format-standard","hentry","category-oeffentlich"],"jetpack_sharing_enabled":true,"jetpack_featured_media_url":"","_links":{"self":[{"href":"https:\/\/gs-wallersheim.de\/wordpress\/wp-json\/wp\/v2\/posts\/990","targetHints":{"allow":["GET"]}}],"collection":[{"href":"https:\/\/gs-wallersheim.de\/wordpress\/wp-json\/wp\/v2\/posts"}],"about":[{"href":"https:\/\/gs-wallersheim.de\/wordpress\/wp-json\/wp\/v2\/types\/post"}],"author":[{"embeddable":true,"href":"https:\/\/gs-wallersheim.de\/wordpress\/wp-json\/wp\/v2\/users\/1"}],"replies":[{"embeddable":true,"href":"https:\/\/gs-wallersheim.de\/wordpress\/wp-json\/wp\/v2\/comments?post=990"}],"version-history":[{"count":1,"href":"https:\/\/gs-wallersheim.de\/wordpress\/wp-json\/wp\/v2\/posts\/990\/revisions"}],"predecessor-version":[{"id":991,"href":"https:\/\/gs-wallersheim.de\/wordpress\/wp-json\/wp\/v2\/posts\/990\/revisions\/991"}],"wp:attachment":[{"href":"https:\/\/gs-wallersheim.de\/wordpress\/wp-json\/wp\/v2\/media?parent=990"}],"wp:term":[{"taxonomy":"category","embeddable":true,"href":"https:\/\/gs-wallersheim.de\/wordpress\/wp-json\/wp\/v2\/categories?post=990"},{"taxonomy":"post_tag","embeddable":true,"href":"https:\/\/gs-wallersheim.de\/wordpress\/wp-json\/wp\/v2\/tags?post=990"}],"curies":[{"name":"wp","href":"https:\/\/api.w.org\/{rel}","templated":true}]}}