{"id":955,"date":"2017-03-24T14:56:44","date_gmt":"2017-03-24T13:56:44","guid":{"rendered":"http:\/\/gs-wallersheim.de\/wordpress\/?p=955"},"modified":"2017-03-24T14:56:44","modified_gmt":"2017-03-24T13:56:44","slug":"fruehlingsmarkt-in-der-gsw","status":"publish","type":"post","link":"https:\/\/gs-wallersheim.de\/wordpress\/2017\/03\/24\/fruehlingsmarkt-in-der-gsw\/","title":{"rendered":"Fr\u00fchlingsmarkt in der GSW"},"content":{"rendered":"<p>Am 25.3.2017 startet der 7. Waschemer Fr\u00fchlingsmarkt. Die Klassen haben sich mal wieder selbst \u00fcbertroffen. Es erwartet euch ein buntes Programm, tolle St\u00e4nde, Musik, Kaffee, Kuchen,&nbsp;<\/p>\n<p><a href=\"http:\/\/gs-wallersheim.de\/wordpress\/wp-content\/uploads\/2017\/03\/wp-image-1253932115jpg.jpg\"><img loading=\"lazy\" decoding=\"async\" src=\"http:\/\/gs-wallersheim.de\/wordpress\/wp-content\/uploads\/2017\/03\/wp-image-1253932115jpg.jpg\" alt=\"\" class=\"wp-image-953 alignnone size-full\" width=\"2000\" height=\"1500\"><\/a><\/p>\n<p><a href=\"http:\/\/gs-wallersheim.de\/wordpress\/wp-content\/uploads\/2017\/03\/wp-1490362754767.jpg\"><img loading=\"lazy\" decoding=\"async\" src=\"http:\/\/gs-wallersheim.de\/wordpress\/wp-content\/uploads\/2017\/03\/wp-1490362754767.jpg\" alt=\"\" class=\"wp-image-954 alignnone size-full\" width=\"1500\" height=\"1500\" srcset=\"https:\/\/gs-wallersheim.de\/wordpress\/wp-content\/uploads\/2017\/03\/wp-1490362754767.jpg 1500w, https:\/\/gs-wallersheim.de\/wordpress\/wp-content\/uploads\/2017\/03\/wp-1490362754767-150x150.jpg 150w, https:\/\/gs-wallersheim.de\/wordpress\/wp-content\/uploads\/2017\/03\/wp-1490362754767-300x300.jpg 300w, https:\/\/gs-wallersheim.de\/wordpress\/wp-content\/uploads\/2017\/03\/wp-1490362754767-768x768.jpg 768w, https:\/\/gs-wallersheim.de\/wordpress\/wp-content\/uploads\/2017\/03\/wp-1490362754767-1024x1024.jpg 1024w\" sizes=\"auto, (max-width: 1500px) 100vw, 1500px\" \/><\/a><br \/>\nTanz, Spiel, Spa\u00df und tolles Wetter!&nbsp;<\/p>\n","protected":false},"excerpt":{"rendered":"<p>Am 25.3.2017 startet der 7. Waschemer Fr\u00fchlingsmarkt. Die Klassen haben sich mal wieder selbst \u00fcbertroffen. Es erwartet euch ein buntes<\/p>\n","protected":false},"author":1,"featured_media":0,"comment_status":"open","ping_status":"open","sticky":false,"template":"","format":"standard","meta":{"ngg_post_thumbnail":0,"_jetpack_memberships_contains_paid_content":false,"footnotes":""},"categories":[9],"tags":[],"class_list":["post-955","post","type-post","status-publish","format-standard","hentry","category-oeffentlich"],"jetpack_sharing_enabled":true,"jetpack_featured_media_url":"","_links":{"self":[{"href":"https:\/\/gs-wallersheim.de\/wordpress\/wp-json\/wp\/v2\/posts\/955","targetHints":{"allow":["GET"]}}],"collection":[{"href":"https:\/\/gs-wallersheim.de\/wordpress\/wp-json\/wp\/v2\/posts"}],"about":[{"href":"https:\/\/gs-wallersheim.de\/wordpress\/wp-json\/wp\/v2\/types\/post"}],"author":[{"embeddable":true,"href":"https:\/\/gs-wallersheim.de\/wordpress\/wp-json\/wp\/v2\/users\/1"}],"replies":[{"embeddable":true,"href":"https:\/\/gs-wallersheim.de\/wordpress\/wp-json\/wp\/v2\/comments?post=955"}],"version-history":[{"count":1,"href":"https:\/\/gs-wallersheim.de\/wordpress\/wp-json\/wp\/v2\/posts\/955\/revisions"}],"predecessor-version":[{"id":956,"href":"https:\/\/gs-wallersheim.de\/wordpress\/wp-json\/wp\/v2\/posts\/955\/revisions\/956"}],"wp:attachment":[{"href":"https:\/\/gs-wallersheim.de\/wordpress\/wp-json\/wp\/v2\/media?parent=955"}],"wp:term":[{"taxonomy":"category","embeddable":true,"href":"https:\/\/gs-wallersheim.de\/wordpress\/wp-json\/wp\/v2\/categories?post=955"},{"taxonomy":"post_tag","embeddable":true,"href":"https:\/\/gs-wallersheim.de\/wordpress\/wp-json\/wp\/v2\/tags?post=955"}],"curies":[{"name":"wp","href":"https:\/\/api.w.org\/{rel}","templated":true}]}}