{"id":881,"date":"2016-11-24T09:51:18","date_gmt":"2016-11-24T08:51:18","guid":{"rendered":"http:\/\/gs-wallersheim.de\/wordpress\/?p=881"},"modified":"2016-12-25T10:18:07","modified_gmt":"2016-12-25T09:18:07","slug":"tag-der-lehrer","status":"publish","type":"post","link":"https:\/\/gs-wallersheim.de\/wordpress\/2016\/11\/24\/tag-der-lehrer\/","title":{"rendered":"Tag der Lehrer"},"content":{"rendered":"<p><img loading=\"lazy\" decoding=\"async\" class=\"size-medium wp-image-882 alignright\" src=\"http:\/\/gs-wallersheim.de\/wordpress\/wp-content\/uploads\/2016\/12\/FB_IMG_1482655800335-210x300.jpg\" alt=\"\" width=\"210\" height=\"300\" srcset=\"https:\/\/gs-wallersheim.de\/wordpress\/wp-content\/uploads\/2016\/12\/FB_IMG_1482655800335-210x300.jpg 210w, https:\/\/gs-wallersheim.de\/wordpress\/wp-content\/uploads\/2016\/12\/FB_IMG_1482655800335.jpg 672w\" sizes=\"auto, (max-width: 210px) 100vw, 210px\" \/>Heute haben wir Lehrer mal was gelernt: In der T\u00fcrkei wird am 24.11 der &#8222;Tag der Lehrer&#8220; gefeiert. Wir staunten nicht schlecht, als unser Schulelternsprecher G\u00fcrkan Macuncu jedem Lehrer und jeder Lehrerin feierlich eine Blume zum Lehrertag \u00fcberreichte. In der Schulk\u00fcche warteten noch k\u00f6stliche Gen\u00fcsse (vielen Dank auch an Familie K\u00f6ksal) und lie\u00dfen die Pause zu einem wahren Fest werden. Das war toll! Vielen Dank! ??\u00e7ok te\u015fekk\u00fcrler<\/p>\n","protected":false},"excerpt":{"rendered":"<p>Heute haben wir Lehrer mal was gelernt: In der T\u00fcrkei wird am 24.11 der &#8222;Tag der Lehrer&#8220; gefeiert. Wir staunten<\/p>\n","protected":false},"author":1,"featured_media":0,"comment_status":"open","ping_status":"open","sticky":false,"template":"","format":"standard","meta":{"ngg_post_thumbnail":0,"_jetpack_memberships_contains_paid_content":false,"footnotes":""},"categories":[9],"tags":[],"class_list":["post-881","post","type-post","status-publish","format-standard","hentry","category-oeffentlich"],"jetpack_sharing_enabled":true,"jetpack_featured_media_url":"","_links":{"self":[{"href":"https:\/\/gs-wallersheim.de\/wordpress\/wp-json\/wp\/v2\/posts\/881","targetHints":{"allow":["GET"]}}],"collection":[{"href":"https:\/\/gs-wallersheim.de\/wordpress\/wp-json\/wp\/v2\/posts"}],"about":[{"href":"https:\/\/gs-wallersheim.de\/wordpress\/wp-json\/wp\/v2\/types\/post"}],"author":[{"embeddable":true,"href":"https:\/\/gs-wallersheim.de\/wordpress\/wp-json\/wp\/v2\/users\/1"}],"replies":[{"embeddable":true,"href":"https:\/\/gs-wallersheim.de\/wordpress\/wp-json\/wp\/v2\/comments?post=881"}],"version-history":[{"count":2,"href":"https:\/\/gs-wallersheim.de\/wordpress\/wp-json\/wp\/v2\/posts\/881\/revisions"}],"predecessor-version":[{"id":896,"href":"https:\/\/gs-wallersheim.de\/wordpress\/wp-json\/wp\/v2\/posts\/881\/revisions\/896"}],"wp:attachment":[{"href":"https:\/\/gs-wallersheim.de\/wordpress\/wp-json\/wp\/v2\/media?parent=881"}],"wp:term":[{"taxonomy":"category","embeddable":true,"href":"https:\/\/gs-wallersheim.de\/wordpress\/wp-json\/wp\/v2\/categories?post=881"},{"taxonomy":"post_tag","embeddable":true,"href":"https:\/\/gs-wallersheim.de\/wordpress\/wp-json\/wp\/v2\/tags?post=881"}],"curies":[{"name":"wp","href":"https:\/\/api.w.org\/{rel}","templated":true}]}}