{"id":1413,"date":"2024-03-22T07:39:52","date_gmt":"2024-03-22T06:39:52","guid":{"rendered":"https:\/\/gs-wallersheim.de\/wordpress\/?p=1413"},"modified":"2024-03-22T07:39:53","modified_gmt":"2024-03-22T06:39:53","slug":"schulfest-2024","status":"publish","type":"post","link":"https:\/\/gs-wallersheim.de\/wordpress\/2024\/03\/22\/schulfest-2024\/","title":{"rendered":"Schulfest 2024"},"content":{"rendered":"\n<p>Das Schulfest unserer Schule war auch dieses Jahr wieder ein voller Erfolg! Obwohl das Wetter nicht ganz so sch\u00f6n wie im letzten Jahr war, hielt es am Nachmittag gl\u00fccklicherweise trocken. Es gab eine Vielzahl von selbst gebastelten Fr\u00fchlings- und Ostersachen sowie ein buntes Programm im Mehrzweckraum. Vielen Ab die Funny Girls und die Tanzgruppe des NCW! Auf dem Schulhof fand wieder die legend\u00e4re Rollrutsche statt, und es gab ein Torwandschie\u00dfen sowie eine Basketball-Station. an Mitmachstationen w\u00fcrde gebastelt und es gab Glitzer Tattoos. Vielen Dank auch an unsere G\u00e4ste, die einen Stand mit Handwerkskunst auf dem Fr\u00fchlingsmarkt hatten..Selbstgebackener Kuchen, leckere Getr\u00e4nke und ein Imbiss sorgten f\u00fcr das leibliche Wohl aller Besucher. Vielen Dank an alle Helferinnen und Helfer! <\/p>\n\n\n\n<figure class=\"wp-block-image size-large\"><img decoding=\"async\" src=\"data:image\/gif;base64,R0lGODlhAQABAIAAAAAAAP\/\/\/yH5BAEAAAAALAAAAAABAAEAAAIBRAA7\" data-src=\"https:\/\/gs-wallersheim.de\/wordpress\/wp-content\/uploads\/2024\/03\/img_3696-1-1024x1024.jpg\" class=\"wp-image-1412\"\/><noscript><img loading=\"lazy\" decoding=\"async\" width=\"1024\" height=\"1024\" src=\"https:\/\/gs-wallersheim.de\/wordpress\/wp-content\/uploads\/2024\/03\/img_3696-1-1024x1024.jpg\" class=\"wp-image-1412\" srcset=\"https:\/\/gs-wallersheim.de\/wordpress\/wp-content\/uploads\/2024\/03\/img_3696-1-1024x1024.jpg 1024w, https:\/\/gs-wallersheim.de\/wordpress\/wp-content\/uploads\/2024\/03\/img_3696-1-300x300.jpg 300w, https:\/\/gs-wallersheim.de\/wordpress\/wp-content\/uploads\/2024\/03\/img_3696-1-150x150.jpg 150w, https:\/\/gs-wallersheim.de\/wordpress\/wp-content\/uploads\/2024\/03\/img_3696-1-768x768.jpg 768w, https:\/\/gs-wallersheim.de\/wordpress\/wp-content\/uploads\/2024\/03\/img_3696-1-1536x1536.jpg 1536w, https:\/\/gs-wallersheim.de\/wordpress\/wp-content\/uploads\/2024\/03\/img_3696-1.jpg 1581w\" sizes=\"auto, (max-width: 1024px) 100vw, 1024px\" \/><\/noscript><\/figure>\n\n\n\n<p><\/p>\n","protected":false},"excerpt":{"rendered":"<p>Das Schulfest unserer Schule war auch dieses Jahr wieder ein voller Erfolg! Obwohl das Wetter nicht ganz so sch\u00f6n wie<\/p>\n","protected":false},"author":1,"featured_media":0,"comment_status":"open","ping_status":"open","sticky":false,"template":"","format":"standard","meta":{"ngg_post_thumbnail":0,"_jetpack_memberships_contains_paid_content":false,"footnotes":""},"categories":[9],"tags":[],"class_list":["post-1413","post","type-post","status-publish","format-standard","hentry","category-oeffentlich"],"jetpack_sharing_enabled":true,"jetpack_featured_media_url":"","_links":{"self":[{"href":"https:\/\/gs-wallersheim.de\/wordpress\/wp-json\/wp\/v2\/posts\/1413","targetHints":{"allow":["GET"]}}],"collection":[{"href":"https:\/\/gs-wallersheim.de\/wordpress\/wp-json\/wp\/v2\/posts"}],"about":[{"href":"https:\/\/gs-wallersheim.de\/wordpress\/wp-json\/wp\/v2\/types\/post"}],"author":[{"embeddable":true,"href":"https:\/\/gs-wallersheim.de\/wordpress\/wp-json\/wp\/v2\/users\/1"}],"replies":[{"embeddable":true,"href":"https:\/\/gs-wallersheim.de\/wordpress\/wp-json\/wp\/v2\/comments?post=1413"}],"version-history":[{"count":1,"href":"https:\/\/gs-wallersheim.de\/wordpress\/wp-json\/wp\/v2\/posts\/1413\/revisions"}],"predecessor-version":[{"id":1414,"href":"https:\/\/gs-wallersheim.de\/wordpress\/wp-json\/wp\/v2\/posts\/1413\/revisions\/1414"}],"wp:attachment":[{"href":"https:\/\/gs-wallersheim.de\/wordpress\/wp-json\/wp\/v2\/media?parent=1413"}],"wp:term":[{"taxonomy":"category","embeddable":true,"href":"https:\/\/gs-wallersheim.de\/wordpress\/wp-json\/wp\/v2\/categories?post=1413"},{"taxonomy":"post_tag","embeddable":true,"href":"https:\/\/gs-wallersheim.de\/wordpress\/wp-json\/wp\/v2\/tags?post=1413"}],"curies":[{"name":"wp","href":"https:\/\/api.w.org\/{rel}","templated":true}]}}