{"id":1195,"date":"2020-03-20T16:33:02","date_gmt":"2020-03-20T15:33:02","guid":{"rendered":"http:\/\/gs-wallersheim.de\/wordpress\/?p=1195"},"modified":"2020-04-19T20:09:59","modified_gmt":"2020-04-19T18:09:59","slug":"schule-ohne-kinder-%f0%9f%98%b7%f0%9f%98%94","status":"publish","type":"post","link":"https:\/\/gs-wallersheim.de\/wordpress\/2020\/03\/20\/schule-ohne-kinder-%f0%9f%98%b7%f0%9f%98%94\/","title":{"rendered":"Schule ohne Kinder <\/strong>??<strong>"},"content":{"rendered":"\n<p>Heute vor einer Woche erreichte uns alle die Nachricht, dass die Schulen geschlossen werden. Eine Situation, die sich eigentlich niemand vorstellen konnte und f\u00fcr die wir keinen Plan aus der Schublade ziehen konnten. Die gr\u00f6\u00dfte Herausforderung bestand darin, eine M\u00f6glichkeit zu finden, um Sie und euch weiterhin mit Informationen , Anregungen, Tipps und zus\u00e4tzlichen Lernmaterialien \u201eversorgen\u201c zu k\u00f6nnen. Durch die intensive Arbeit aller Kollegen und Ihre Kooperation haben innerhalb von vier Tagen das System etabliert. \u00dcber 100! Eltern haben sich bereits angemeldet. F\u00fcr dieses Projekt planen Schulen sonst mehrere Wochen bis Monate ein. Vielen Dank an alle! Das ist fantastisch! Auch wenn das System f\u00fcr uns alle Neuland ist und auch die Lehrer noch lernen m\u00fcssen&#8230;<br>Was ist bei uns so passiert?<br>Wir Lehrer waren t\u00e4glich in verschiedenen, kleinen Teams in Schule und haben Abstand gehalten. Die Bauarbeiten gingen weiter und wir haben neue, sch\u00f6ne Toilettent\u00fcren bekommen. Aber es war ein sehr beklemmendes Gef\u00fchl, so ohne euch, ohne Kinder. Das Schulkiosk blieb verweist, der Schulhof leer&#8230;\u00a0<\/p>\n\n\n\n<p>Wie geht es euch? Was habt ihr zu Hause erlebt? Hattet ihr lustige Erlebnisse? Wie ist so die Schule ohne Schule?<br \/>Ich h\u00e4tte da eine kleine Aufgabe f\u00fcr euch: Schreibt uns doch eine Email (gs-wallersheim@adams-ko.de) oder einen Brief. So als Ersatz f\u00fcr den Morgenkreis am Montag! Gerne k\u00f6nnt ihr dazu auch etwas malen. Ich werde all eure Briefe an den Holzpfosten im ersten Stock befestigen und hier Fotos davon ver\u00f6ffentlichen! Die Werbeplakate zum Thema\u201cCoronavirus- bitte bleibt zu Hause\u201c nat\u00fcrlich auch! Bringt wieder Leben und Farbe in eure Schule, passend zum Fr\u00fchlingsanfang!<br \/>Aber eines ist nat\u00fcrlich das Allerwichtigste: Bleiben Sie \/ bleibt ihr alle gesund! \u2764\ufe0f<\/p>\n\n\n\n<figure class=\"wp-block-image size-large\"><img decoding=\"async\" src=\"data:image\/gif;base64,R0lGODlhAQABAIAAAAAAAP\/\/\/yH5BAEAAAAALAAAAAABAAEAAAIBRAA7\" data-src=\"http:\/\/gs-wallersheim.de\/wordpress\/wp-content\/uploads\/2020\/03\/img_0799-768x1024.jpg\" alt=\"\" class=\"wp-image-1194\"\/><noscript><img loading=\"lazy\" decoding=\"async\" width=\"768\" height=\"1024\" src=\"http:\/\/gs-wallersheim.de\/wordpress\/wp-content\/uploads\/2020\/03\/img_0799-768x1024.jpg\" alt=\"\" class=\"wp-image-1194\" srcset=\"https:\/\/gs-wallersheim.de\/wordpress\/wp-content\/uploads\/2020\/03\/img_0799-768x1024.jpg 768w, https:\/\/gs-wallersheim.de\/wordpress\/wp-content\/uploads\/2020\/03\/img_0799-225x300.jpg 225w, https:\/\/gs-wallersheim.de\/wordpress\/wp-content\/uploads\/2020\/03\/img_0799.jpg 1536w\" sizes=\"auto, (max-width: 768px) 100vw, 768px\" \/><\/noscript><\/figure>\n","protected":false},"excerpt":{"rendered":"<p>Heute vor einer Woche erreichte uns alle die Nachricht, dass die Schulen geschlossen werden. Eine Situation, die sich eigentlich niemand<\/p>\n","protected":false},"author":1,"featured_media":0,"comment_status":"open","ping_status":"open","sticky":false,"template":"","format":"standard","meta":{"ngg_post_thumbnail":0,"_jetpack_memberships_contains_paid_content":false,"footnotes":""},"categories":[9],"tags":[],"class_list":["post-1195","post","type-post","status-publish","format-standard","hentry","category-oeffentlich"],"jetpack_sharing_enabled":true,"jetpack_featured_media_url":"","_links":{"self":[{"href":"https:\/\/gs-wallersheim.de\/wordpress\/wp-json\/wp\/v2\/posts\/1195","targetHints":{"allow":["GET"]}}],"collection":[{"href":"https:\/\/gs-wallersheim.de\/wordpress\/wp-json\/wp\/v2\/posts"}],"about":[{"href":"https:\/\/gs-wallersheim.de\/wordpress\/wp-json\/wp\/v2\/types\/post"}],"author":[{"embeddable":true,"href":"https:\/\/gs-wallersheim.de\/wordpress\/wp-json\/wp\/v2\/users\/1"}],"replies":[{"embeddable":true,"href":"https:\/\/gs-wallersheim.de\/wordpress\/wp-json\/wp\/v2\/comments?post=1195"}],"version-history":[{"count":3,"href":"https:\/\/gs-wallersheim.de\/wordpress\/wp-json\/wp\/v2\/posts\/1195\/revisions"}],"predecessor-version":[{"id":1247,"href":"https:\/\/gs-wallersheim.de\/wordpress\/wp-json\/wp\/v2\/posts\/1195\/revisions\/1247"}],"wp:attachment":[{"href":"https:\/\/gs-wallersheim.de\/wordpress\/wp-json\/wp\/v2\/media?parent=1195"}],"wp:term":[{"taxonomy":"category","embeddable":true,"href":"https:\/\/gs-wallersheim.de\/wordpress\/wp-json\/wp\/v2\/categories?post=1195"},{"taxonomy":"post_tag","embeddable":true,"href":"https:\/\/gs-wallersheim.de\/wordpress\/wp-json\/wp\/v2\/tags?post=1195"}],"curies":[{"name":"wp","href":"https:\/\/api.w.org\/{rel}","templated":true}]}}