{"id":1071,"date":"2018-08-31T08:03:28","date_gmt":"2018-08-31T06:03:28","guid":{"rendered":"http:\/\/gs-wallersheim.de\/wordpress\/?p=1071"},"modified":"2018-08-31T08:03:28","modified_gmt":"2018-08-31T06:03:28","slug":"kirmes-in-wallersheim","status":"publish","type":"post","link":"https:\/\/gs-wallersheim.de\/wordpress\/2018\/08\/31\/kirmes-in-wallersheim\/","title":{"rendered":"Kirmes in Wallersheim"},"content":{"rendered":"<p>Kirmes in WaschemTrotz gro\u00dfer Hitze waren viele Kinder, Eltern, F\u00f6rdervereinsmitglieder und Kollegen mit ihren Familien beim Kirmesumzug dabei und haben den Pr\u00e4sidenten \u201cMajor Tom\u201c ( mit der KG St. Bernhard, seinem \u201cGefolge\u201c und den Ehrendamen?) gefeiert. \u2764 DANKE \u2764<img decoding=\"async\" class=\"size-full\" data-wpid=\"18\" src=\"data:image\/gif;base64,R0lGODlhAQABAIAAAAAAAP\/\/\/yH5BAEAAAAALAAAAAABAAEAAAIBRAA7\" data-src=\"http:\/\/gs-wallersheim.de\/wordpress\/wp-content\/uploads\/2018\/08\/20180819_1400253306195559072923451.jpg\" \/><noscript><img decoding=\"async\" class=\"size-full\" data-wpid=\"18\" src=\"http:\/\/gs-wallersheim.de\/wordpress\/wp-content\/uploads\/2018\/08\/20180819_1400253306195559072923451.jpg\" \/><\/noscript><\/p>\n","protected":false},"excerpt":{"rendered":"<p>Kirmes in WaschemTrotz gro\u00dfer Hitze waren viele Kinder, Eltern, F\u00f6rdervereinsmitglieder und Kollegen mit ihren Familien beim Kirmesumzug dabei und haben<\/p>\n","protected":false},"author":1,"featured_media":0,"comment_status":"open","ping_status":"open","sticky":false,"template":"","format":"standard","meta":{"ngg_post_thumbnail":0,"_jetpack_memberships_contains_paid_content":false,"footnotes":""},"categories":[9],"tags":[],"class_list":["post-1071","post","type-post","status-publish","format-standard","hentry","category-oeffentlich"],"jetpack_sharing_enabled":true,"jetpack_featured_media_url":"","_links":{"self":[{"href":"https:\/\/gs-wallersheim.de\/wordpress\/wp-json\/wp\/v2\/posts\/1071","targetHints":{"allow":["GET"]}}],"collection":[{"href":"https:\/\/gs-wallersheim.de\/wordpress\/wp-json\/wp\/v2\/posts"}],"about":[{"href":"https:\/\/gs-wallersheim.de\/wordpress\/wp-json\/wp\/v2\/types\/post"}],"author":[{"embeddable":true,"href":"https:\/\/gs-wallersheim.de\/wordpress\/wp-json\/wp\/v2\/users\/1"}],"replies":[{"embeddable":true,"href":"https:\/\/gs-wallersheim.de\/wordpress\/wp-json\/wp\/v2\/comments?post=1071"}],"version-history":[{"count":1,"href":"https:\/\/gs-wallersheim.de\/wordpress\/wp-json\/wp\/v2\/posts\/1071\/revisions"}],"predecessor-version":[{"id":1072,"href":"https:\/\/gs-wallersheim.de\/wordpress\/wp-json\/wp\/v2\/posts\/1071\/revisions\/1072"}],"wp:attachment":[{"href":"https:\/\/gs-wallersheim.de\/wordpress\/wp-json\/wp\/v2\/media?parent=1071"}],"wp:term":[{"taxonomy":"category","embeddable":true,"href":"https:\/\/gs-wallersheim.de\/wordpress\/wp-json\/wp\/v2\/categories?post=1071"},{"taxonomy":"post_tag","embeddable":true,"href":"https:\/\/gs-wallersheim.de\/wordpress\/wp-json\/wp\/v2\/tags?post=1071"}],"curies":[{"name":"wp","href":"https:\/\/api.w.org\/{rel}","templated":true}]}}