{"id":1053,"date":"2018-05-03T08:47:08","date_gmt":"2018-05-03T06:47:08","guid":{"rendered":"http:\/\/gs-wallersheim.de\/wordpress\/?p=1053"},"modified":"2018-05-03T08:47:08","modified_gmt":"2018-05-03T06:47:08","slug":"danke-3","status":"publish","type":"post","link":"https:\/\/gs-wallersheim.de\/wordpress\/2018\/05\/03\/danke-3\/","title":{"rendered":"DANKE"},"content":{"rendered":"<p>Frau Adams wurde gestern zu einer einer der letzten Amtstermine des bis gestern amtierenden Oberb\u00fcrgermeisters Prof. Dr. Hofmann-G\u00f6ttig geladen. Das alleine ist schon eine Sensation! Er \u00fcberreichte ihr feierlich einen Umschlag, in dem zusammenfassend stand, dass die Baugenehmigung f\u00fcr das Dach erteilt und unterschrieben sei und nun einer Umsetzung (im Sinne der GSW) nichts mehr im Wege st\u00fcnde. Das ist wirklich nur die grobe Zusammenfassung. Er lobte besonders die Schulgemeinschaft der GSW mit Elternvertretern, Vorstand des F\u00f6rdervereins, SEB und das engagierte Team. \u00dcber die ganzen acht Jahre hat er in der Grundschule Wallersheim immer wieder die gleichen Leute angetroffen, die f\u00fcr das gleiche, ehrgeizige Ziel gek\u00e4mpft haben. \u201cDas ist wirklich au\u00dfergew\u00f6hnlich, das habe ich so noch nicht erlebt\u201c. Im Gegenzug wissen alle, dass das Projekt ohne den pers\u00f6nlichen Einsatz von Herrn Prof. Dr. Hofmann-G\u00f6ttig (und vielen, vielen andern Menschen!) wohl keine Chance gehabt h\u00e4tte. Daf\u00fcr und f\u00fcr viele andere Dinge danken alle von ganzem Herzen. Wir sehen uns&#8230;auf dem Speicher der GSW! Bis dahin (und nat\u00fcrlich dar\u00fcber hinaus) w\u00fcnscht die gro\u00dfe Schulgemeinschaft der GSW von Herzen eine gute, gesunde und gl\u00fcckliche Zeit! DANKE!<img decoding=\"async\" class=\"size-full\" data-wpid=\"12\" src=\"data:image\/gif;base64,R0lGODlhAQABAIAAAAAAAP\/\/\/yH5BAEAAAAALAAAAAABAAEAAAIBRAA7\" data-src=\"http:\/\/gs-wallersheim.de\/wordpress\/wp-content\/uploads\/2018\/05\/20180413_0836266120823405634177181.jpg\" \/><noscript><img decoding=\"async\" class=\"size-full\" data-wpid=\"12\" src=\"http:\/\/gs-wallersheim.de\/wordpress\/wp-content\/uploads\/2018\/05\/20180413_0836266120823405634177181.jpg\" \/><\/noscript><\/p>\n","protected":false},"excerpt":{"rendered":"<p>Frau Adams wurde gestern zu einer einer der letzten Amtstermine des bis gestern amtierenden Oberb\u00fcrgermeisters Prof. Dr. Hofmann-G\u00f6ttig geladen. Das<\/p>\n","protected":false},"author":1,"featured_media":0,"comment_status":"open","ping_status":"open","sticky":false,"template":"","format":"standard","meta":{"ngg_post_thumbnail":0,"_jetpack_memberships_contains_paid_content":false,"footnotes":""},"categories":[9],"tags":[],"class_list":["post-1053","post","type-post","status-publish","format-standard","hentry","category-oeffentlich"],"jetpack_sharing_enabled":true,"jetpack_featured_media_url":"","_links":{"self":[{"href":"https:\/\/gs-wallersheim.de\/wordpress\/wp-json\/wp\/v2\/posts\/1053","targetHints":{"allow":["GET"]}}],"collection":[{"href":"https:\/\/gs-wallersheim.de\/wordpress\/wp-json\/wp\/v2\/posts"}],"about":[{"href":"https:\/\/gs-wallersheim.de\/wordpress\/wp-json\/wp\/v2\/types\/post"}],"author":[{"embeddable":true,"href":"https:\/\/gs-wallersheim.de\/wordpress\/wp-json\/wp\/v2\/users\/1"}],"replies":[{"embeddable":true,"href":"https:\/\/gs-wallersheim.de\/wordpress\/wp-json\/wp\/v2\/comments?post=1053"}],"version-history":[{"count":1,"href":"https:\/\/gs-wallersheim.de\/wordpress\/wp-json\/wp\/v2\/posts\/1053\/revisions"}],"predecessor-version":[{"id":1054,"href":"https:\/\/gs-wallersheim.de\/wordpress\/wp-json\/wp\/v2\/posts\/1053\/revisions\/1054"}],"wp:attachment":[{"href":"https:\/\/gs-wallersheim.de\/wordpress\/wp-json\/wp\/v2\/media?parent=1053"}],"wp:term":[{"taxonomy":"category","embeddable":true,"href":"https:\/\/gs-wallersheim.de\/wordpress\/wp-json\/wp\/v2\/categories?post=1053"},{"taxonomy":"post_tag","embeddable":true,"href":"https:\/\/gs-wallersheim.de\/wordpress\/wp-json\/wp\/v2\/tags?post=1053"}],"curies":[{"name":"wp","href":"https:\/\/api.w.org\/{rel}","templated":true}]}}